{"id":2540,"date":"2025-02-16T11:52:59","date_gmt":"2025-02-16T10:52:59","guid":{"rendered":"https:\/\/lebattle.fr\/?p=2540"},"modified":"2025-02-16T12:00:19","modified_gmt":"2025-02-16T11:00:19","slug":"battle-fight-5-samedi-19-avril-2025-au-perreon-69","status":"publish","type":"post","link":"http:\/\/lebattle.fr\/index.php\/2025\/02\/16\/battle-fight-5-samedi-19-avril-2025-au-perreon-69\/","title":{"rendered":"Battle Fight 5 : samedi 19 avril 2025 au Perr\u00e9on (69)"},"content":{"rendered":"\n<p>C&rsquo;est dans le Beaujolais, \u00e0 quelques kilom\u00e8tres de Villefranche-sur-Sa\u00f4ne, que le Battle-Combat Club, install\u00e9 depuis dix ans \u00e0 Beaujeu, poser sa cage pour le \u00ab\u00a0Battle Fight 5\u00a0\u00bb, salle polyvalente, 69460 Le Perr\u00e9on. En partenariat avec l&rsquo;association \u00ab\u00a0Tous unis pour L\u00e9andro\u00a0\u00bb, en soutien \u00e0 cet enfant en situation de handicap de la commune. R\u00e9servez vite vos places en ligne ! C&rsquo;est ici : <a href=\"https:\/\/www.helloasso.com\/associations\/le-battle-combat-club\/evenements\/battle-fight-5-le-perreon-69\">https:\/\/www.helloasso.com\/associations\/le-battle-combat-club\/evenements\/battle-fight-5-le-perreon-69<\/a><\/p>\n\n\n\n<figure class=\"wp-block-image size-large is-resized\"><a href=\"https:\/\/www.helloasso.com\/associations\/le-battle-combat-club\/evenements\/battle-fight-5-le-perreon-69\"><img loading=\"lazy\" decoding=\"async\" width=\"727\" height=\"1024\" src=\"https:\/\/lebattle.fr\/wp-content\/uploads\/2025\/02\/BF5_affiche-727x1024.jpg\" alt=\"\" class=\"wp-image-2541\" style=\"width:840px;height:auto\" srcset=\"http:\/\/lebattle.fr\/wp-content\/uploads\/2025\/02\/BF5_affiche-727x1024.jpg 727w, http:\/\/lebattle.fr\/wp-content\/uploads\/2025\/02\/BF5_affiche-213x300.jpg 213w, http:\/\/lebattle.fr\/wp-content\/uploads\/2025\/02\/BF5_affiche-768x1082.jpg 768w, http:\/\/lebattle.fr\/wp-content\/uploads\/2025\/02\/BF5_affiche-1090x1536.jpg 1090w, http:\/\/lebattle.fr\/wp-content\/uploads\/2025\/02\/BF5_affiche-1454x2048.jpg 1454w, http:\/\/lebattle.fr\/wp-content\/uploads\/2025\/02\/BF5_affiche-scaled.jpg 1817w\" sizes=\"auto, (max-width: 727px) 100vw, 727px\" \/><\/a><\/figure>\n","protected":false},"excerpt":{"rendered":"<p>C&rsquo;est dans le Beaujolais, \u00e0 quelques kilom\u00e8tres de Villefranche-sur-Sa\u00f4ne, que le Battle-Combat Club, install\u00e9 depuis dix ans \u00e0 Beaujeu, poser sa cage pour le \u00ab\u00a0Battle Fight 5\u00a0\u00bb, salle polyvalente, 69460 Le Perr\u00e9on. En partenariat avec l&rsquo;association \u00ab\u00a0Tous unis pour L\u00e9andro\u00a0\u00bb, en soutien \u00e0 cet enfant en situation de handicap de la commune. R\u00e9servez vite vos&hellip;<\/p>\n","protected":false},"author":1,"featured_media":0,"comment_status":"open","ping_status":"open","sticky":false,"template":"","format":"standard","meta":{"footnotes":""},"categories":[1],"tags":[],"class_list":["post-2540","post","type-post","status-publish","format-standard","hentry","category-non-classe"],"_links":{"self":[{"href":"http:\/\/lebattle.fr\/index.php\/wp-json\/wp\/v2\/posts\/2540","targetHints":{"allow":["GET"]}}],"collection":[{"href":"http:\/\/lebattle.fr\/index.php\/wp-json\/wp\/v2\/posts"}],"about":[{"href":"http:\/\/lebattle.fr\/index.php\/wp-json\/wp\/v2\/types\/post"}],"author":[{"embeddable":true,"href":"http:\/\/lebattle.fr\/index.php\/wp-json\/wp\/v2\/users\/1"}],"replies":[{"embeddable":true,"href":"http:\/\/lebattle.fr\/index.php\/wp-json\/wp\/v2\/comments?post=2540"}],"version-history":[{"count":4,"href":"http:\/\/lebattle.fr\/index.php\/wp-json\/wp\/v2\/posts\/2540\/revisions"}],"predecessor-version":[{"id":2546,"href":"http:\/\/lebattle.fr\/index.php\/wp-json\/wp\/v2\/posts\/2540\/revisions\/2546"}],"wp:attachment":[{"href":"http:\/\/lebattle.fr\/index.php\/wp-json\/wp\/v2\/media?parent=2540"}],"wp:term":[{"taxonomy":"category","embeddable":true,"href":"http:\/\/lebattle.fr\/index.php\/wp-json\/wp\/v2\/categories?post=2540"},{"taxonomy":"post_tag","embeddable":true,"href":"http:\/\/lebattle.fr\/index.php\/wp-json\/wp\/v2\/tags?post=2540"}],"curies":[{"name":"wp","href":"https:\/\/api.w.org\/{rel}","templated":true}]}}